{"id":609,"date":"2022-02-09T23:22:45","date_gmt":"2022-02-09T23:22:45","guid":{"rendered":"https:\/\/fema.stoemp-dev.com\/?p=609"},"modified":"2025-02-04T08:30:29","modified_gmt":"2025-02-04T08:30:29","slug":"charter-afhaling-bouwmaterialen","status":"publish","type":"post","link":"https:\/\/fema.be\/fr\/charter-afhaling-bouwmaterialen\/","title":{"rendered":"Charter Afhaling Bouwmaterialen"},"content":{"rendered":"\n<p>La Fema et la Conf\u00e9d\u00e9ration Construction appellent leurs membres \u00e0 prendre connaissance de la Charte ci-dessous.<\/p>\n\n\n\n<p>Les entrepreneurs et les concessionnaires en construction s&rsquo;engagent \u00e0 faire des efforts mutuels pour s&rsquo;assurer que les commandes sont trait\u00e9es aussi efficacement que possible.<\/p>\n\n\n\n<p>Une bonne communication est essentielle ici.<\/p>\n","protected":false},"excerpt":{"rendered":"La Fema et la Conf\u00e9d\u00e9ration Construction appellent leurs membres \u00e0 prendre connaissance de la Charte ci-dessous. Les entrepreneurs et les concessionnaires en construction s&rsquo;engagent \u00e0 faire des efforts mutuels pour s&rsquo;assurer que les commandes sont trait\u00e9es aussi efficacement que possible. Une bonne communication est essentielle ici.","protected":false},"author":2,"featured_media":577,"comment_status":"open","ping_status":"open","sticky":false,"template":"","format":"standard","meta":{"footnotes":""},"categories":[3],"tags":[],"class_list":["post-609","post","type-post","status-publish","format-standard","has-post-thumbnail","hentry","category-non-classifiee"],"acf":[],"yoast_head":"<title>Charter Afhaling Bouwmaterialen | fema.be<\/title>\n<meta name=\"robots\" content=\"index, follow, max-snippet:-1, max-image-preview:large, max-video-preview:-1\" \/>\n<link rel=\"canonical\" href=\"https:\/\/fema.be\/fr\/charter-afhaling-bouwmaterialen\/\" \/>\n<meta property=\"og:locale\" content=\"fr_FR\" \/>\n<meta property=\"og:type\" content=\"article\" \/>\n<meta property=\"og:title\" content=\"Charter Afhaling Bouwmaterialen | fema.be\" \/>\n<meta property=\"og:description\" content=\"La Fema et la Conf\u00e9d\u00e9ration Construction appellent leurs membres \u00e0 prendre connaissance de la Charte ci-dessous. Les entrepreneurs et les concessionnaires en construction s&rsquo;engagent \u00e0 faire des efforts mutuels pour s&rsquo;assurer que les commandes sont trait\u00e9es aussi efficacement que possible. Une bonne communication est essentielle ici.\" \/>\n<meta property=\"og:url\" content=\"https:\/\/fema.be\/fr\/charter-afhaling-bouwmaterialen\/\" \/>\n<meta property=\"og:site_name\" content=\"fema.be\" \/>\n<meta property=\"article:published_time\" content=\"2022-02-09T23:22:45+00:00\" \/>\n<meta property=\"article:modified_time\" content=\"2025-02-04T08:30:29+00:00\" \/>\n<meta property=\"og:image\" content=\"https:\/\/fema.be\/wp-content\/uploads\/2025\/02\/Charter-afhaling_confederatie.png\" \/>\n\t<meta property=\"og:image:width\" content=\"450\" \/>\n\t<meta property=\"og:image:height\" content=\"305\" \/>\n\t<meta property=\"og:image:type\" content=\"image\/png\" \/>\n<meta name=\"twitter:card\" content=\"summary_large_image\" \/>\n<script type=\"application\/ld+json\" class=\"yoast-schema-graph\">{\"@context\":\"https:\\\/\\\/schema.org\",\"@graph\":[{\"@type\":\"Article\",\"@id\":\"https:\\\/\\\/fema.be\\\/fr\\\/charter-afhaling-bouwmaterialen\\\/#article\",\"isPartOf\":{\"@id\":\"https:\\\/\\\/fema.be\\\/fr\\\/charter-afhaling-bouwmaterialen\\\/\"},\"author\":{\"name\":\"Lucas Szarzynski\",\"@id\":\"https:\\\/\\\/fema.be\\\/#\\\/schema\\\/person\\\/77788e4ba21a17cdd9b0f488742fe4d3\"},\"headline\":\"Charter Afhaling Bouwmaterialen\",\"datePublished\":\"2022-02-09T23:22:45+00:00\",\"dateModified\":\"2025-02-04T08:30:29+00:00\",\"mainEntityOfPage\":{\"@id\":\"https:\\\/\\\/fema.be\\\/fr\\\/charter-afhaling-bouwmaterialen\\\/\"},\"wordCount\":52,\"commentCount\":0,\"image\":{\"@id\":\"https:\\\/\\\/fema.be\\\/fr\\\/charter-afhaling-bouwmaterialen\\\/#primaryimage\"},\"thumbnailUrl\":\"https:\\\/\\\/fema.be\\\/wp-content\\\/uploads\\\/2025\\\/02\\\/Charter-afhaling_confederatie.png\",\"articleSection\":[\"Non classifi\u00e9(e)\"],\"inLanguage\":\"fr-FR\",\"potentialAction\":[{\"@type\":\"CommentAction\",\"name\":\"Comment\",\"target\":[\"https:\\\/\\\/fema.be\\\/fr\\\/charter-afhaling-bouwmaterialen\\\/#respond\"]}]},{\"@type\":\"WebPage\",\"@id\":\"https:\\\/\\\/fema.be\\\/fr\\\/charter-afhaling-bouwmaterialen\\\/\",\"url\":\"https:\\\/\\\/fema.be\\\/fr\\\/charter-afhaling-bouwmaterialen\\\/\",\"name\":\"Charter Afhaling Bouwmaterialen | fema.be\",\"isPartOf\":{\"@id\":\"https:\\\/\\\/fema.be\\\/#website\"},\"primaryImageOfPage\":{\"@id\":\"https:\\\/\\\/fema.be\\\/fr\\\/charter-afhaling-bouwmaterialen\\\/#primaryimage\"},\"image\":{\"@id\":\"https:\\\/\\\/fema.be\\\/fr\\\/charter-afhaling-bouwmaterialen\\\/#primaryimage\"},\"thumbnailUrl\":\"https:\\\/\\\/fema.be\\\/wp-content\\\/uploads\\\/2025\\\/02\\\/Charter-afhaling_confederatie.png\",\"datePublished\":\"2022-02-09T23:22:45+00:00\",\"dateModified\":\"2025-02-04T08:30:29+00:00\",\"author\":{\"@id\":\"https:\\\/\\\/fema.be\\\/#\\\/schema\\\/person\\\/77788e4ba21a17cdd9b0f488742fe4d3\"},\"breadcrumb\":{\"@id\":\"https:\\\/\\\/fema.be\\\/fr\\\/charter-afhaling-bouwmaterialen\\\/#breadcrumb\"},\"inLanguage\":\"fr-FR\",\"potentialAction\":[{\"@type\":\"ReadAction\",\"target\":[\"https:\\\/\\\/fema.be\\\/fr\\\/charter-afhaling-bouwmaterialen\\\/\"]}]},{\"@type\":\"ImageObject\",\"inLanguage\":\"fr-FR\",\"@id\":\"https:\\\/\\\/fema.be\\\/fr\\\/charter-afhaling-bouwmaterialen\\\/#primaryimage\",\"url\":\"https:\\\/\\\/fema.be\\\/wp-content\\\/uploads\\\/2025\\\/02\\\/Charter-afhaling_confederatie.png\",\"contentUrl\":\"https:\\\/\\\/fema.be\\\/wp-content\\\/uploads\\\/2025\\\/02\\\/Charter-afhaling_confederatie.png\",\"width\":450,\"height\":305},{\"@type\":\"BreadcrumbList\",\"@id\":\"https:\\\/\\\/fema.be\\\/fr\\\/charter-afhaling-bouwmaterialen\\\/#breadcrumb\",\"itemListElement\":[{\"@type\":\"ListItem\",\"position\":1,\"name\":\"Home\",\"item\":\"https:\\\/\\\/fema.be\\\/fr\\\/\"},{\"@type\":\"ListItem\",\"position\":2,\"name\":\"Charter Afhaling Bouwmaterialen\"}]},{\"@type\":\"WebSite\",\"@id\":\"https:\\\/\\\/fema.be\\\/#website\",\"url\":\"https:\\\/\\\/fema.be\\\/\",\"name\":\"FEMA\",\"description\":\"\",\"potentialAction\":[{\"@type\":\"SearchAction\",\"target\":{\"@type\":\"EntryPoint\",\"urlTemplate\":\"https:\\\/\\\/fema.be\\\/?s={search_term_string}\"},\"query-input\":{\"@type\":\"PropertyValueSpecification\",\"valueRequired\":true,\"valueName\":\"search_term_string\"}}],\"inLanguage\":\"fr-FR\"},{\"@type\":\"Person\",\"@id\":\"https:\\\/\\\/fema.be\\\/#\\\/schema\\\/person\\\/77788e4ba21a17cdd9b0f488742fe4d3\",\"name\":\"Lucas Szarzynski\",\"image\":{\"@type\":\"ImageObject\",\"inLanguage\":\"fr-FR\",\"@id\":\"https:\\\/\\\/secure.gravatar.com\\\/avatar\\\/e40a4c6cdb0f1db0a0a223fc74327ff973fb0800700b3ea5912cee64870c7e56?s=96&d=mm&r=g\",\"url\":\"https:\\\/\\\/secure.gravatar.com\\\/avatar\\\/e40a4c6cdb0f1db0a0a223fc74327ff973fb0800700b3ea5912cee64870c7e56?s=96&d=mm&r=g\",\"contentUrl\":\"https:\\\/\\\/secure.gravatar.com\\\/avatar\\\/e40a4c6cdb0f1db0a0a223fc74327ff973fb0800700b3ea5912cee64870c7e56?s=96&d=mm&r=g\",\"caption\":\"Lucas Szarzynski\"},\"url\":\"https:\\\/\\\/fema.be\\\/fr\\\/author\\\/lucas\\\/\"}]}<\/script>","yoast_head_json":{"title":"Charter Afhaling Bouwmaterialen | fema.be","robots":{"index":"index","follow":"follow","max-snippet":"max-snippet:-1","max-image-preview":"max-image-preview:large","max-video-preview":"max-video-preview:-1"},"canonical":"https:\/\/fema.be\/fr\/charter-afhaling-bouwmaterialen\/","og_locale":"fr_FR","og_type":"article","og_title":"Charter Afhaling Bouwmaterialen | fema.be","og_description":"La Fema et la Conf\u00e9d\u00e9ration Construction appellent leurs membres \u00e0 prendre connaissance de la Charte ci-dessous. Les entrepreneurs et les concessionnaires en construction s&rsquo;engagent \u00e0 faire des efforts mutuels pour s&rsquo;assurer que les commandes sont trait\u00e9es aussi efficacement que possible. Une bonne communication est essentielle ici.","og_url":"https:\/\/fema.be\/fr\/charter-afhaling-bouwmaterialen\/","og_site_name":"fema.be","article_published_time":"2022-02-09T23:22:45+00:00","article_modified_time":"2025-02-04T08:30:29+00:00","og_image":[{"width":450,"height":305,"url":"https:\/\/fema.be\/wp-content\/uploads\/2025\/02\/Charter-afhaling_confederatie.png","type":"image\/png"}],"twitter_card":"summary_large_image","schema":{"@context":"https:\/\/schema.org","@graph":[{"@type":"Article","@id":"https:\/\/fema.be\/fr\/charter-afhaling-bouwmaterialen\/#article","isPartOf":{"@id":"https:\/\/fema.be\/fr\/charter-afhaling-bouwmaterialen\/"},"author":{"name":"Lucas Szarzynski","@id":"https:\/\/fema.be\/#\/schema\/person\/77788e4ba21a17cdd9b0f488742fe4d3"},"headline":"Charter Afhaling Bouwmaterialen","datePublished":"2022-02-09T23:22:45+00:00","dateModified":"2025-02-04T08:30:29+00:00","mainEntityOfPage":{"@id":"https:\/\/fema.be\/fr\/charter-afhaling-bouwmaterialen\/"},"wordCount":52,"commentCount":0,"image":{"@id":"https:\/\/fema.be\/fr\/charter-afhaling-bouwmaterialen\/#primaryimage"},"thumbnailUrl":"https:\/\/fema.be\/wp-content\/uploads\/2025\/02\/Charter-afhaling_confederatie.png","articleSection":["Non classifi\u00e9(e)"],"inLanguage":"fr-FR","potentialAction":[{"@type":"CommentAction","name":"Comment","target":["https:\/\/fema.be\/fr\/charter-afhaling-bouwmaterialen\/#respond"]}]},{"@type":"WebPage","@id":"https:\/\/fema.be\/fr\/charter-afhaling-bouwmaterialen\/","url":"https:\/\/fema.be\/fr\/charter-afhaling-bouwmaterialen\/","name":"Charter Afhaling Bouwmaterialen | fema.be","isPartOf":{"@id":"https:\/\/fema.be\/#website"},"primaryImageOfPage":{"@id":"https:\/\/fema.be\/fr\/charter-afhaling-bouwmaterialen\/#primaryimage"},"image":{"@id":"https:\/\/fema.be\/fr\/charter-afhaling-bouwmaterialen\/#primaryimage"},"thumbnailUrl":"https:\/\/fema.be\/wp-content\/uploads\/2025\/02\/Charter-afhaling_confederatie.png","datePublished":"2022-02-09T23:22:45+00:00","dateModified":"2025-02-04T08:30:29+00:00","author":{"@id":"https:\/\/fema.be\/#\/schema\/person\/77788e4ba21a17cdd9b0f488742fe4d3"},"breadcrumb":{"@id":"https:\/\/fema.be\/fr\/charter-afhaling-bouwmaterialen\/#breadcrumb"},"inLanguage":"fr-FR","potentialAction":[{"@type":"ReadAction","target":["https:\/\/fema.be\/fr\/charter-afhaling-bouwmaterialen\/"]}]},{"@type":"ImageObject","inLanguage":"fr-FR","@id":"https:\/\/fema.be\/fr\/charter-afhaling-bouwmaterialen\/#primaryimage","url":"https:\/\/fema.be\/wp-content\/uploads\/2025\/02\/Charter-afhaling_confederatie.png","contentUrl":"https:\/\/fema.be\/wp-content\/uploads\/2025\/02\/Charter-afhaling_confederatie.png","width":450,"height":305},{"@type":"BreadcrumbList","@id":"https:\/\/fema.be\/fr\/charter-afhaling-bouwmaterialen\/#breadcrumb","itemListElement":[{"@type":"ListItem","position":1,"name":"Home","item":"https:\/\/fema.be\/fr\/"},{"@type":"ListItem","position":2,"name":"Charter Afhaling Bouwmaterialen"}]},{"@type":"WebSite","@id":"https:\/\/fema.be\/#website","url":"https:\/\/fema.be\/","name":"FEMA","description":"","potentialAction":[{"@type":"SearchAction","target":{"@type":"EntryPoint","urlTemplate":"https:\/\/fema.be\/?s={search_term_string}"},"query-input":{"@type":"PropertyValueSpecification","valueRequired":true,"valueName":"search_term_string"}}],"inLanguage":"fr-FR"},{"@type":"Person","@id":"https:\/\/fema.be\/#\/schema\/person\/77788e4ba21a17cdd9b0f488742fe4d3","name":"Lucas Szarzynski","image":{"@type":"ImageObject","inLanguage":"fr-FR","@id":"https:\/\/secure.gravatar.com\/avatar\/e40a4c6cdb0f1db0a0a223fc74327ff973fb0800700b3ea5912cee64870c7e56?s=96&d=mm&r=g","url":"https:\/\/secure.gravatar.com\/avatar\/e40a4c6cdb0f1db0a0a223fc74327ff973fb0800700b3ea5912cee64870c7e56?s=96&d=mm&r=g","contentUrl":"https:\/\/secure.gravatar.com\/avatar\/e40a4c6cdb0f1db0a0a223fc74327ff973fb0800700b3ea5912cee64870c7e56?s=96&d=mm&r=g","caption":"Lucas Szarzynski"},"url":"https:\/\/fema.be\/fr\/author\/lucas\/"}]}},"_links":{"self":[{"href":"https:\/\/fema.be\/fr\/api\/wp\/v2\/posts\/609","targetHints":{"allow":["GET"]}}],"collection":[{"href":"https:\/\/fema.be\/fr\/api\/wp\/v2\/posts"}],"about":[{"href":"https:\/\/fema.be\/fr\/api\/wp\/v2\/types\/post"}],"author":[{"embeddable":true,"href":"https:\/\/fema.be\/fr\/api\/wp\/v2\/users\/2"}],"replies":[{"embeddable":true,"href":"https:\/\/fema.be\/fr\/api\/wp\/v2\/comments?post=609"}],"version-history":[{"count":1,"href":"https:\/\/fema.be\/fr\/api\/wp\/v2\/posts\/609\/revisions"}],"predecessor-version":[{"id":610,"href":"https:\/\/fema.be\/fr\/api\/wp\/v2\/posts\/609\/revisions\/610"}],"wp:featuredmedia":[{"embeddable":true,"href":"https:\/\/fema.be\/fr\/api\/wp\/v2\/media\/577"}],"wp:attachment":[{"href":"https:\/\/fema.be\/fr\/api\/wp\/v2\/media?parent=609"}],"wp:term":[{"taxonomy":"category","embeddable":true,"href":"https:\/\/fema.be\/fr\/api\/wp\/v2\/categories?post=609"},{"taxonomy":"post_tag","embeddable":true,"href":"https:\/\/fema.be\/fr\/api\/wp\/v2\/tags?post=609"}],"curies":[{"name":"wp","href":"https:\/\/api.w.org\/{rel}","templated":true}]}}